{"id":1443,"date":"2017-07-17T10:48:53","date_gmt":"2017-07-17T08:48:53","guid":{"rendered":"http:\/\/apecroixluizet.net\/accueil\/?p=1443"},"modified":"2017-07-17T10:48:53","modified_gmt":"2017-07-17T08:48:53","slug":"la-rentree-facile-le-pedibus","status":"publish","type":"post","link":"http:\/\/apecroixluizet.net\/accueil\/2017\/07\/la-rentree-facile-le-pedibus\/","title":{"rendered":"La rentr\u00e9e facile : Le P\u00e9dibus"},"content":{"rendered":"<p><img loading=\"lazy\" decoding=\"async\" class=\"wp-image-1444 size-full aligncenter\" src=\"http:\/\/apecroixluizet.net\/accueil\/wp-content\/uploads\/2017\/07\/logo_pedibus.jpg\" alt=\"\" width=\"803\" height=\"239\" srcset=\"http:\/\/apecroixluizet.net\/accueil\/wp-content\/uploads\/2017\/07\/logo_pedibus.jpg 803w, http:\/\/apecroixluizet.net\/accueil\/wp-content\/uploads\/2017\/07\/logo_pedibus-300x89.jpg 300w, http:\/\/apecroixluizet.net\/accueil\/wp-content\/uploads\/2017\/07\/logo_pedibus-768x229.jpg 768w\" sizes=\"auto, (max-width: 803px) 100vw, 803px\" \/><\/p>\n<h4><span style=\"color: #800080;\"><strong>Le saviez-vous ?<\/strong><\/span><\/h4>\n<p>Il existe une ligne de p\u00e9dibus qui emm\u00e8ne des maternelles et des primaires \u00e0 Croix-Luizet et qui fonctionne \u00e9galement dans le sens du retour \u00e0 16h00, c&rsquo;est tr\u00e8s pratique et rassurant pour les parents qui rencontrent des probl\u00e8mes de logistique (travail, horaires, transport, &#8230;)<\/p>\n<p>Nous sollicitons les parents volontaires pour essayer de cr\u00e9er une nouvelle ligne. Il nous faut donc le soutien des parents qui sont pr\u00eats a donner un peu de leur temps pour qu&rsquo;en \u00e9change on puisse prendre en charge leurs enfants.<\/p>\n<p>Pour plus d&rsquo;information sur ce dispositif, vous pouvez consulter <strong><a href=\"http:\/\/blogs.grandlyon.com\/pedibus\/2017\/07\/03\/pour-bien-preparer-la-rentree\" target=\"_blank\" rel=\"noopener noreferrer\">cette page<\/a><\/strong> sur le site du Grand Lyon<\/p>\n<p>Merci \u00e0 tous les parents int\u00e9ress\u00e9s de contacter l&rsquo;<strong><a href=\"mailto:ape.croixluizet@gmail.com\">Association des Parents d\u2019\u00c9l\u00e8ves<\/a><\/strong> pour travailler sur ce sujet.<\/p>\n<p><em>bonne journ\u00e9e !<\/em><\/p>\n","protected":false},"excerpt":{"rendered":"<p>Le saviez-vous ? Il existe une ligne de p\u00e9dibus qui emm\u00e8ne des maternelles et des primaires \u00e0 Croix-Luizet et qui fonctionne \u00e9galement dans le sens du retour \u00e0 16h00, c&rsquo;est tr\u00e8s pratique et rassurant pour les parents qui rencontrent des<\/p>\n","protected":false},"author":1,"featured_media":0,"comment_status":"closed","ping_status":"closed","sticky":false,"template":"","format":"standard","meta":{"footnotes":""},"categories":[38],"tags":[21,14,39],"class_list":["post-1443","post","type-post","status-publish","format-standard","hentry","category-rentree-2017-2018","tag-famille","tag-parents-deleves","tag-pedibus"],"post_mailing_queue_ids":[],"_links":{"self":[{"href":"http:\/\/apecroixluizet.net\/accueil\/wp-json\/wp\/v2\/posts\/1443","targetHints":{"allow":["GET"]}}],"collection":[{"href":"http:\/\/apecroixluizet.net\/accueil\/wp-json\/wp\/v2\/posts"}],"about":[{"href":"http:\/\/apecroixluizet.net\/accueil\/wp-json\/wp\/v2\/types\/post"}],"author":[{"embeddable":true,"href":"http:\/\/apecroixluizet.net\/accueil\/wp-json\/wp\/v2\/users\/1"}],"replies":[{"embeddable":true,"href":"http:\/\/apecroixluizet.net\/accueil\/wp-json\/wp\/v2\/comments?post=1443"}],"version-history":[{"count":8,"href":"http:\/\/apecroixluizet.net\/accueil\/wp-json\/wp\/v2\/posts\/1443\/revisions"}],"predecessor-version":[{"id":1452,"href":"http:\/\/apecroixluizet.net\/accueil\/wp-json\/wp\/v2\/posts\/1443\/revisions\/1452"}],"wp:attachment":[{"href":"http:\/\/apecroixluizet.net\/accueil\/wp-json\/wp\/v2\/media?parent=1443"}],"wp:term":[{"taxonomy":"category","embeddable":true,"href":"http:\/\/apecroixluizet.net\/accueil\/wp-json\/wp\/v2\/categories?post=1443"},{"taxonomy":"post_tag","embeddable":true,"href":"http:\/\/apecroixluizet.net\/accueil\/wp-json\/wp\/v2\/tags?post=1443"}],"curies":[{"name":"wp","href":"https:\/\/api.w.org\/{rel}","templated":true}]}}